{"id":608,"date":"2022-05-20T06:50:50","date_gmt":"2022-05-20T06:50:50","guid":{"rendered":"https:\/\/cia.lachunga.es\/?p=608"},"modified":"2022-05-20T06:58:11","modified_gmt":"2022-05-20T06:58:11","slug":"taller-contando-con-mimo","status":"publish","type":"post","link":"https:\/\/cia.lachunga.es\/ca\/2022\/05\/20\/taller-contando-con-mimo\/","title":{"rendered":"Taller Comptant amb Mimo 4-5 de Juny, 11-12 de juny"},"content":{"rendered":"<p>IMPARTE: Ana S\u00e1nchez Carri\u00f3n.<br \/>\nDiplomada en Teatro Gestual y Movimiento y Dietista. Mima &amp; Clown &amp; Bufona,<\/p>\n<p>Creativa y Camale\u00f3nica.<br \/>\nMintaka Escuela de Artes<\/p>\n<p><strong>DESCRIPCI\u00d3N DEL TALLER<\/strong><\/p>\n<p>TALLER DE TEATRE GESTUAL Y LECTURA ON ELS PARTICIPANTS CONTARAN<br \/>\nHISTORIES AMB LA PARAULA O LA LLENGUA DE SIGNES DE LES PERSONES<br \/>\nSORDES I COMPLEMENTANT AMB EL GEST O LA LLENGUA DEL MIM<\/p>\n<p>Taller de Teatro Gestual y Movimiento donde los y las participantes aprender\u00e1n a<br \/>\ncontar historias, leyendas, cuentos y fabulas tomando como herramienta principal<br \/>\nel lenguaje gestual. Complementando la narraci\u00f3n oral con la acci\u00f3n gestual del<br \/>\nmimo.<\/p>\n<p><strong>&#8211; OBJETIVOS<\/strong><br \/>\n\u2022 Realizar cuentos propios desde la creatividad tanto individual como<br \/>\ngrupal desde el movimiento a la palabra.<\/p>\n<p>\u2022 An\u00e1lisis de texto y contexto de los cuentos, para complementar la<br \/>\npalabra con la acci\u00f3n del gesto.<\/p>\n<p>\u2022 Observar las diferentes din\u00e1micas de movimientos de la naturaleza y<br \/>\nanimales para llevar las a la humanizaci\u00f3n y as\u00ed ayudar a desarrollar<br \/>\nla creatividad y la escritura gestual des de la observaci\u00f3n del exterior.<\/p>\n<p>\u2022 Fomentar el trabajo en Grupo y la confianza individual<\/p>\n<p>\u2022 Tomar control corporal sobre el espacio esc\u00e9nico adem\u00e1s de<br \/>\ndesarrollar capacidades psicomotrices y disociaci\u00f3n, presencia<br \/>\nesc\u00e9nica.<\/p>\n<p>\u2022 Aprender hacer uno o varios personaje desde el f\u00edsico a la<br \/>\ninterpretaci\u00f3n, y desde el ingenio y creatividad del autor<\/p>\n<p>\u2022 Adquirir conocimientos y reconocer c\u00f3digos de expresi\u00f3n no verbal.<\/p>\n<p>\u2022 Tener herramientas del lenguaje gestual como la pantomima, el<br \/>\nmimo de acci\u00f3n, la imitaci\u00f3n, mimo profundo o mimo narrador para la<br \/>\ncorrecta creaci\u00f3n de cuentos atreves de la improvisaci\u00f3n esc\u00e9nica.<\/p>\n<p>\u2022 Desarrollar la acci\u00f3n- reacci\u00f3n entre escucha corporal con la escucha<br \/>\nauditiva o \u00f3ptica .<\/p>\n<p>\u2022 Tomar conciencia del espacio y su movimiento.<\/p>\n<p>&#8211;<strong> METODOLOG\u00cdA<\/strong><br \/>\nLa metodolog\u00eda que vamos a seguir es la observaci\u00f3n a la improvisaci\u00f3n,<br \/>\ninvestigaci\u00f3n, descubrimiento y an\u00e1lisis de lo que hemos visto y entendido de lo<br \/>\nexpuesto, luego compondremos el cuento complementando con el gesto, nunca<br \/>\nilustrando.<br \/>\nComplementar el gesto y la acci\u00f3n con la palabra.<br \/>\nTrabajo individual de an\u00e1lisis de movimiento corporal y del espacio. Trabajo grupal<br \/>\nimitaci\u00f3n entre los componentes del grupo, las din\u00e1micas de la naturaleza<br \/>\nLos alumnos van a tomar conocimiento de t\u00e9cnica corporal y esc\u00e9nica, basada en<br \/>\nan\u00e1lisis del movimiento y la imitaci\u00f3n de los elementos presentes en la naturaleza<br \/>\ny la vida como: aire, colores, animales, materiales&#8230;, llev\u00e1ndolos a la<br \/>\nhumanizaci\u00f3n, con esta parte establecemos actitudes y c\u00f3digos no verbales<br \/>\nSe ense\u00f1ar\u00e1 los diferentes t\u00e9cnicas comunicaci\u00f3n del mimo como la mimo de<br \/>\nacci\u00f3n, mimo objeto, mimo profundo, mimo narrador, mimo imitador Aplicando<br \/>\nnarraci\u00f3n oral a la expresi\u00f3n y composici\u00f3n corporal, o viceversa. Los<br \/>\nparticipantes podr\u00e1n crear all\u00ed mismo sus historias o traer una historia que quieran<br \/>\ncontar y llevar la a cabo en el taller.<br \/>\nVan a tener el tiempo y van a ser los encargados de elaborar, definir y sistematizar<br \/>\nel conjunto de t\u00e9cnicas al final de cada temario. Poniendo en pr\u00e1ctica cada<br \/>\nm\u00e9todo y procedimientos que se deben seguir durante el desarrollo del taller para<br \/>\nla producci\u00f3n y construcci\u00f3n de un Cuento contado y interpretado con mimo<\/p>\n<p><strong>\u00a0ACTIVIDADES<\/strong><br \/>\n\u2022 Imitaci\u00f3n de elementos, materias, animales, colores&#8230;<\/p>\n<p>\u2022 An\u00e1lisis de movimiento Individual para poder desarrollar la t\u00e9cnica<br \/>\ndel mimo.<\/p>\n<p>\u2022 An\u00e1lisis Espacial.<\/p>\n<p>\u2022 Improvisaci\u00f3n con din\u00e1micas de movimientos para crear historias.<\/p>\n<p>\u2022 An\u00e1lisis de texto y contexto para llevar a la complementaci\u00f3n con el<br \/>\nmovimiento.<\/p>\n<p>\u2022 Interpretaci\u00f3n de cada uno de los estilos de mimo En grupo, por<br \/>\nparejas e individual.<\/p>\n<p>\u2022 Crear cuento con mimo.<\/p>\n<p>MINTAKA ESCUELA DE ARTES<br \/>\nCALLE SENYERA, 27 BAJO<br \/>\nPICANYA (VALENCIA)<br \/>\n<a href=\"https:\/\/www.mintakaescueladeartes.com\">www.mintakaescueladeartes.com<\/a><\/p>","protected":false},"excerpt":{"rendered":"<p>TALLER DE TEATRE GESTUAL Y LECTURA ON ELS PARTICIPANTS CONTARAN<br \/>\nHISTORIES AMB LA PARAULA O LA LLENGUA DE SIGNES DE LES PERSONES<br \/>\nSORDES I COMPLEMENTANT AMB EL GEST O LA LLENGUA DEL MIM<\/p>","protected":false},"author":1,"featured_media":610,"comment_status":"closed","ping_status":"closed","sticky":false,"template":"","format":"standard","meta":{"_et_pb_use_builder":"","_et_pb_old_content":"","_et_gb_content_width":"","footnotes":""},"categories":[3,4],"tags":[],"class_list":["post-608","post","type-post","status-publish","format-standard","has-post-thumbnail","hentry","category-fechas","category-noticias"],"_links":{"self":[{"href":"https:\/\/cia.lachunga.es\/ca\/wp-json\/wp\/v2\/posts\/608","targetHints":{"allow":["GET"]}}],"collection":[{"href":"https:\/\/cia.lachunga.es\/ca\/wp-json\/wp\/v2\/posts"}],"about":[{"href":"https:\/\/cia.lachunga.es\/ca\/wp-json\/wp\/v2\/types\/post"}],"author":[{"embeddable":true,"href":"https:\/\/cia.lachunga.es\/ca\/wp-json\/wp\/v2\/users\/1"}],"replies":[{"embeddable":true,"href":"https:\/\/cia.lachunga.es\/ca\/wp-json\/wp\/v2\/comments?post=608"}],"version-history":[{"count":5,"href":"https:\/\/cia.lachunga.es\/ca\/wp-json\/wp\/v2\/posts\/608\/revisions"}],"predecessor-version":[{"id":614,"href":"https:\/\/cia.lachunga.es\/ca\/wp-json\/wp\/v2\/posts\/608\/revisions\/614"}],"wp:featuredmedia":[{"embeddable":true,"href":"https:\/\/cia.lachunga.es\/ca\/wp-json\/wp\/v2\/media\/610"}],"wp:attachment":[{"href":"https:\/\/cia.lachunga.es\/ca\/wp-json\/wp\/v2\/media?parent=608"}],"wp:term":[{"taxonomy":"category","embeddable":true,"href":"https:\/\/cia.lachunga.es\/ca\/wp-json\/wp\/v2\/categories?post=608"},{"taxonomy":"post_tag","embeddable":true,"href":"https:\/\/cia.lachunga.es\/ca\/wp-json\/wp\/v2\/tags?post=608"}],"curies":[{"name":"wp","href":"https:\/\/api.w.org\/{rel}","templated":true}]}}