{"id":623,"date":"2022-08-23T16:46:03","date_gmt":"2022-08-23T16:46:03","guid":{"rendered":"https:\/\/cia.lachunga.es\/2022\/08\/23\/el-festival-matarranya-intim-plena-calaceite\/"},"modified":"2022-08-23T16:46:03","modified_gmt":"2022-08-23T16:46:03","slug":"el-festival-matarranya-intim-plena-calaceite","status":"publish","type":"post","link":"https:\/\/cia.lachunga.es\/ca\/2022\/08\/23\/el-festival-matarranya-intim-plena-calaceite\/","title":{"rendered":"El festival \u201cMatarranya intim\u201d plena Calaceite"},"content":{"rendered":"<p>OCIO El festival \u2018Matarranya \u00cdntim\u2019 llena Calaceite de microespect\u00e1culos Las actuaciones tienen lugar del 2 al 4 de septiembre en espacios de inter\u00e9s patrimonial, como la Casa Consistorial, la antigua Fundaci\u00f3n Noesis o casas particulares. NOTICIA ACTUALIZADA 16\/8\/2022 A LAS 19:25 HERALDO.ES \u2018La Boda\u2019, el espect\u00e1culo elegido para abrir la novena edici\u00f3n de Matarranya \u00cdntim, [\u2026]<\/p>\n<p><a href=\"https:\/\/empar.lachunga.es\/es\/2022\/08\/19\/el-festival-matarranya-intim-plena-calaceite\/\" target=\"_blank\" class=\"feedzy-rss-link-icon\" rel=\"noopener\">Leer m\u00e1s<\/a><\/p>","protected":false},"excerpt":{"rendered":"<p>OCIO El festival \u2018Matarranya \u00cdntim\u2019 llena Calaceite de microespect\u00e1culos Las actuaciones tienen lugar del 2 al 4 de septiembre en espacios de inter\u00e9s patrimonial, como la Casa Consistorial, la antigua Fundaci\u00f3n Noesis o casas particulares. NOTICIA ACTUALIZADA 16\/8\/2022 A LAS 19:25 HERALDO.ES \u2018La Boda\u2019, el espect\u00e1culo elegido para abrir la novena edici\u00f3n de Matarranya \u00cdntim, [&hellip;]<\/p>","protected":false},"author":0,"featured_media":0,"comment_status":"","ping_status":"","sticky":false,"template":"","format":"standard","meta":{"_et_pb_use_builder":"","_et_pb_old_content":"","_et_gb_content_width":"","footnotes":""},"categories":[1],"tags":[],"class_list":["post-623","post","type-post","status-publish","format-standard","hentry","category-sin-categoria"],"_links":{"self":[{"href":"https:\/\/cia.lachunga.es\/ca\/wp-json\/wp\/v2\/posts\/623","targetHints":{"allow":["GET"]}}],"collection":[{"href":"https:\/\/cia.lachunga.es\/ca\/wp-json\/wp\/v2\/posts"}],"about":[{"href":"https:\/\/cia.lachunga.es\/ca\/wp-json\/wp\/v2\/types\/post"}],"replies":[{"embeddable":true,"href":"https:\/\/cia.lachunga.es\/ca\/wp-json\/wp\/v2\/comments?post=623"}],"version-history":[{"count":0,"href":"https:\/\/cia.lachunga.es\/ca\/wp-json\/wp\/v2\/posts\/623\/revisions"}],"wp:attachment":[{"href":"https:\/\/cia.lachunga.es\/ca\/wp-json\/wp\/v2\/media?parent=623"}],"wp:term":[{"taxonomy":"category","embeddable":true,"href":"https:\/\/cia.lachunga.es\/ca\/wp-json\/wp\/v2\/categories?post=623"},{"taxonomy":"post_tag","embeddable":true,"href":"https:\/\/cia.lachunga.es\/ca\/wp-json\/wp\/v2\/tags?post=623"}],"curies":[{"name":"wp","href":"https:\/\/api.w.org\/{rel}","templated":true}]}}